{"id":879,"date":"2015-11-22T19:53:44","date_gmt":"2015-11-22T18:53:44","guid":{"rendered":"http:\/\/hvezda.orlicemb.cz\/subdom\/hvezda\/?p=879"},"modified":"2016-02-11T20:51:43","modified_gmt":"2016-02-11T19:51:43","slug":"podzimni-vyprava-2","status":"publish","type":"post","link":"https:\/\/hvezda.orlicemb.cz\/subdom\/hvezda\/podzimni-vyprava-2\/","title":{"rendered":"Podzimn\u00ed v\u00fdprava"},"content":{"rendered":"<p>Tak jako ka\u017ed\u00fd rok, i letos na\u0161i skauti a skautky str\u00e1vili sv\u00e9 podzimn\u00ed pr\u00e1zdniny spole\u010dn\u011b. Letos jsme zav\u00edtali do Jesen\u00edk\u016f, do obce Kr\u00e1l\u00edky. Cel\u00e1 v\u00fdprava byla na t\u00e9ma z\u00e1chran\u00e1\u0159i, prvn\u00ed den jsme tedy bojovali proti mor\u016fm a epidemi\u00edm. To obn\u00e1\u0161elo hodn\u011b starost\u00ed, t\u0159eba i to, \u017ee jsme museli po m\u011bst\u011b chodit v\u00a0rou\u0161k\u00e1ch a gumov\u00fdch rukavic\u00edch. Nav\u00edc se \u00fa\u010dastn\u00edci po cel\u00e9 \u010dty\u0159i dny mohli p\u0159em\u011bnit na zombie a zachr\u00e1nit je mohl jenom soud, kter\u00fd prob\u011bhl ka\u017ed\u00fd ve\u010der.<\/p>\n<p>Dal\u0161\u00ed den ve \u010dtvrtek nastalo norm\u00e1ln\u00ed r\u00e1no, kdy jsme se dozv\u011bd\u011bli, \u017ee dne\u0161n\u00ed probl\u00e9m z\u00e1chran\u00e1\u0159\u016f budou v\u00e1le\u010dn\u00e9 podm\u00ednky. Dost\u00e1vali jsme p\u0159esn\u00e9 p\u0159\u00edd\u011bly j\u00eddla, ob\u010das jsme na\u0161li n\u00e1\u0161lapnou minu nebo se objevil smrt\u00edc\u00ed plyn. Co se t\u00fd\u010de v\u00fdletu, \u0161li jsme na vojenskou tvrz Bouda. Aby byl ale v\u00fd\u0161lap zaj\u00edmav\u011bj\u0161\u00ed, \u00fa\u010dastn\u00edc\u00ed se st\u0159\u00eddali ve veden\u00ed skupiny podle trasy, kterou si m\u011bli p\u0159ipravit doma. V tvrzi Bouda n\u00e1s \u010dekala zaj\u00edmav\u00e1 prohl\u00eddka, p\u0159i kter\u00e9 jsme se\u0161li a\u017e do podzemn\u00ed \u010d\u00e1sti tvrze. Nakonec jsme \u0161\u0165astn\u011b do\u0161li zp\u00e1tky do Kr\u00e1l\u00edk\u016f, kde prob\u011bhlo \u00fasp\u011b\u0161n\u00e9 odsouzen\u00ed zombie a pak jsme \u0161li sp\u00e1t.<\/p>\n<p>V\u00a0p\u00e1tek n\u00e1s hned po probuzen\u00ed zas\u00e1hl dal\u0161\u00ed z\u00e1chran\u00e1\u0159sk\u00fd probl\u00e9m, a to zem\u011bt\u0159esen\u00ed. A tak jsme museli je\u0161t\u011b ve spac\u00edm oble\u010den\u00ed v\u0161ichni vyb\u011bhnout z\u00a0budovy. Po zv\u011bdav\u00fdch pohledech m\u00edstn\u00edch jsme se vr\u00e1tili dovnit\u0159, nasn\u00eddali se a u\u017e se \u0161lo na dal\u0161\u00ed v\u00fdlet, tentokr\u00e1t na Kralick\u00fd Sn\u011b\u017en\u00edk. Op\u011bt n\u00e1s vedli mlad\u0161\u00ed \u00fa\u010dastn\u00edci, a i kdy\u017e byly trochu probl\u00e9my s\u00a0mlhou, nakonec jsme vylezli a\u017e nahoru. Tam n\u00e1s \u010dekal p\u0159ekvapiv\u011b \u00fa\u017easn\u00fd v\u00fdhled. Ta mlha, kter\u00e1 n\u00e1s cestou nahoru tr\u00e1pila, te\u010f le\u017eela pod n\u00e1mi a vypadala jako jedna velk\u00e1 sn\u011bhov\u00e1 pokr\u00fdvka. Po dlouh\u00e9m vyhl\u00ed\u017een\u00ed jsme se vydali zp\u00e1tky dol\u016f, a zbytek cesty prob\u011bhl v\u00a0po\u0159\u00e1dku. Ve\u010der op\u011bt prob\u011bhl soud, tentokr\u00e1t ne tak \u00fasp\u011b\u0161n\u00fd, a tak pykali i \u017ealobci.<\/p>\n<p>V\u00a0Sobotu u\u017e byl \u010das na odjezd, ale konec z\u00e1chran\u00e1\u0159\u016fm je\u0161t\u011b nebyl. Vypadalo to na setk\u00e1n\u00ed s\u00a0mimozem\u0161\u0165any, a tak p\u0159ed odjezdem prob\u011bhla kr\u00e1tk\u00e1 mimozemsk\u00e1 hra, sn\u011bdli jsme mimozemsk\u00fd ob\u011bd v podob\u011b obarven\u00e9ho rizota a \u0161li na vlak. Cesta zp\u00e1tky trvala p\u011bt a p\u016fl hodiny, a tak jsme p\u0159ijeli a\u017e ve\u010der. V\u011bt\u0161in\u011b \u00fa\u010dastn\u00edk\u016f to ale nevadilo, proto\u017ee skoro cel\u00fd vagon spal. Nakonec jsme se rozlou\u010dili rozd\u00e1n\u00edm pam\u011btn\u00edch l\u00edstk\u016f a pok\u0159ikem a pak n\u00e1sledoval odchod dom\u016f.<\/p>\n<p>Schwanz<\/p>\n<p>Fotografie z v\u00fdpravy:\u00a0<a href=\"https:\/\/www.zonerama.com\/5oddilHvezda\/Album\/1188286\" target=\"_blank\">https:\/\/www.zonerama.com\/5oddilHvezda\/Album\/1188286<\/a><\/p>\n<div data-carousel-extra='{\"blog_id\":1,\"permalink\":\"https:\\\/\\\/hvezda.orlicemb.cz\\\/subdom\\\/hvezda\\\/podzimni-vyprava-2\\\/\"}' id='gallery-1' class='gallery galleryid-879 gallery-columns-1 gallery-size-large'><figure class='gallery-item'>\n\t\t\t<div class='gallery-icon landscape'>\n\t\t\t\t<a href='https:\/\/hvezda.orlicemb.cz\/subdom\/hvezda\/podzimni-vyprava-2\/dsc_0804\/'><img loading=\"lazy\" decoding=\"async\" data-attachment-id=\"880\" data-orig-file=\"https:\/\/hvezda.orlicemb.cz\/subdom\/hvezda\/wp-content\/uploads\/2015\/11\/DSC_0804.jpg\" data-orig-size=\"4088,2725\" data-comments-opened=\"0\" data-image-meta=\"{&quot;aperture&quot;:&quot;5.6&quot;,&quot;credit&quot;:&quot;&quot;,&quot;camera&quot;:&quot;NIKON D3100&quot;,&quot;caption&quot;:&quot;&quot;,&quot;created_timestamp&quot;:&quot;1446213376&quot;,&quot;copyright&quot;:&quot;&quot;,&quot;focal_length&quot;:&quot;110&quot;,&quot;iso&quot;:&quot;100&quot;,&quot;shutter_speed&quot;:&quot;0.002&quot;,&quot;title&quot;:&quot;&quot;,&quot;orientation&quot;:&quot;1&quot;}\" data-image-title=\"Sn\u011b\u017en\u00edk\" data-image-description=\"\" data-medium-file=\"https:\/\/hvezda.orlicemb.cz\/subdom\/hvezda\/wp-content\/uploads\/2015\/11\/DSC_0804-300x200.jpg\" data-large-file=\"https:\/\/hvezda.orlicemb.cz\/subdom\/hvezda\/wp-content\/uploads\/2015\/11\/DSC_0804-1024x683.jpg\" width=\"580\" height=\"387\" src=\"https:\/\/hvezda.orlicemb.cz\/subdom\/hvezda\/wp-content\/uploads\/2015\/11\/DSC_0804-1024x683.jpg\" class=\"attachment-large size-large\" alt=\"\" aria-describedby=\"gallery-1-880\" srcset=\"https:\/\/hvezda.orlicemb.cz\/subdom\/hvezda\/wp-content\/uploads\/2015\/11\/DSC_0804-1024x683.jpg 1024w, https:\/\/hvezda.orlicemb.cz\/subdom\/hvezda\/wp-content\/uploads\/2015\/11\/DSC_0804-300x200.jpg 300w\" sizes=\"auto, (max-width: 580px) 100vw, 580px\" \/><\/a>\n\t\t\t<\/div>\n\t\t\t\t<figcaption class='wp-caption-text gallery-caption' id='gallery-1-880'>\n\t\t\t\tNa vrcholu Kralick\u00e9ho Sn\u011b\u017en\u00edku bylo opravdu kr\u00e1sn\u011b\n\t\t\t\t<\/figcaption><\/figure>\n\t\t<\/div>\n\n<p>&nbsp;<\/p>\n","protected":false},"excerpt":{"rendered":"<p>Tak jako ka\u017ed\u00fd rok, i letos na\u0161i skauti a skautky str\u00e1vili sv\u00e9 podzimn\u00ed pr\u00e1zdniny spole\u010dn\u011b. Letos jsme zav\u00edtali do Jesen\u00edk\u016f, do obce Kr\u00e1l\u00edky. Cel\u00e1 v\u00fdprava byla na t\u00e9ma z\u00e1chran\u00e1\u0159i, prvn\u00ed [&hellip;]<\/p>\n","protected":false},"author":3,"featured_media":880,"comment_status":"closed","ping_status":"open","sticky":false,"template":"","format":"standard","meta":{"footnotes":""},"categories":[6,10],"tags":[],"class_list":["post-879","post","type-post","status-publish","format-standard","has-post-thumbnail","hentry","category-akce","category-clanky-z-akci"],"_links":{"self":[{"href":"https:\/\/hvezda.orlicemb.cz\/subdom\/hvezda\/wp-json\/wp\/v2\/posts\/879","targetHints":{"allow":["GET"]}}],"collection":[{"href":"https:\/\/hvezda.orlicemb.cz\/subdom\/hvezda\/wp-json\/wp\/v2\/posts"}],"about":[{"href":"https:\/\/hvezda.orlicemb.cz\/subdom\/hvezda\/wp-json\/wp\/v2\/types\/post"}],"author":[{"embeddable":true,"href":"https:\/\/hvezda.orlicemb.cz\/subdom\/hvezda\/wp-json\/wp\/v2\/users\/3"}],"replies":[{"embeddable":true,"href":"https:\/\/hvezda.orlicemb.cz\/subdom\/hvezda\/wp-json\/wp\/v2\/comments?post=879"}],"version-history":[{"count":5,"href":"https:\/\/hvezda.orlicemb.cz\/subdom\/hvezda\/wp-json\/wp\/v2\/posts\/879\/revisions"}],"predecessor-version":[{"id":987,"href":"https:\/\/hvezda.orlicemb.cz\/subdom\/hvezda\/wp-json\/wp\/v2\/posts\/879\/revisions\/987"}],"wp:featuredmedia":[{"embeddable":true,"href":"https:\/\/hvezda.orlicemb.cz\/subdom\/hvezda\/wp-json\/wp\/v2\/media\/880"}],"wp:attachment":[{"href":"https:\/\/hvezda.orlicemb.cz\/subdom\/hvezda\/wp-json\/wp\/v2\/media?parent=879"}],"wp:term":[{"taxonomy":"category","embeddable":true,"href":"https:\/\/hvezda.orlicemb.cz\/subdom\/hvezda\/wp-json\/wp\/v2\/categories?post=879"},{"taxonomy":"post_tag","embeddable":true,"href":"https:\/\/hvezda.orlicemb.cz\/subdom\/hvezda\/wp-json\/wp\/v2\/tags?post=879"}],"curies":[{"name":"wp","href":"https:\/\/api.w.org\/{rel}","templated":true}]}}