{"id":578,"date":"2015-05-13T22:21:45","date_gmt":"2015-05-13T21:21:45","guid":{"rendered":"http:\/\/hvezda.orlicemb.cz\/subdom\/hvezda\/?p=578"},"modified":"2015-05-13T22:24:03","modified_gmt":"2015-05-13T21:24:03","slug":"okresni-kolo-sz-postup-druziny-hrabosu","status":"publish","type":"post","link":"https:\/\/hvezda.orlicemb.cz\/subdom\/hvezda\/okresni-kolo-sz-postup-druziny-hrabosu\/","title":{"rendered":"Okresn\u00ed kolo SZ &#8211; postup dru\u017einy Hrabo\u0161\u016f"},"content":{"rendered":"<p>O prodlou\u017een\u00e9m v\u00edkendu 9.5. vyrazili skautky i skauti z Moravsk\u00fdch Bud\u011bjovic obhajovat p\u0159edlo\u0148sk\u00e9 \u00fasp\u011bchy na z\u00e1kladn\u00ed kolo Svojs\u00edkova z\u00e1vodu pro rok 2015, tentokr\u00e1t do obce Hrbov u Velk\u00e9ho Mezi\u0159\u00ed\u010d\u00ed.<\/p>\n<p>N\u011bkolik t\u00fddn\u016f p\u0159\u00edprav se stalo minulost\u00ed a dru\u017einy Rosni\u010dek, Sedmikr\u00e1sek a Hrabo\u0161\u016f st\u00e1ly na startu z\u00e1vodu spole\u010dn\u011b s dal\u0161\u00edmi dvaceti hl\u00eddkami (celkem p\u0159ijelo 14 d\u00edv\u010d\u00edch a 9 chlapeck\u00fdch). Od r\u00e1na po\u010das\u00ed z\u00e1vodu p\u0159\u00e1lo a tak se mohli v\u0161ichni vrhnout do pln\u011bn\u00ed rozmanit\u00fdch \u00fakol\u016f, nejprve zam\u011b\u0159en\u00fdch na t\u00fdmovou spolupr\u00e1ci na celkem osmi stanovi\u0161t\u00edch rozeset\u00fdch po okoln\u00edch louk\u00e1ch a rem\u00edzc\u00edch. Nechyb\u011bly \u00fakoly ze zdravov\u011bdy, va\u0159en\u00ed na ohni\u0161ti, lanov\u00e9 p\u0159ek\u00e1\u017eky, hled\u00e1n\u00ed informac\u00ed nebo \u0159e\u0161en\u00ed krizov\u00e9 situace. Po p\u0159est\u00e1vce na ob\u010derstven\u00ed n\u00e1sledovaly \u00fakoly pro jednotliv\u00e9 \u010dleny dru\u017ein, kte\u0159\u00ed se museli vypo\u0159\u00e1dat se stavbou p\u0159\u00edst\u0159e\u0161ku, mapov\u00e1n\u00edm, pozn\u00e1v\u00e1n\u00edm rostlin, fyzickou zkou\u0161kou a dal\u0161\u00edmi pro mnoh\u00e9 n\u00e1ro\u010dn\u00fdmi aktivitami. I tyto byly bodovan\u00e9 a body se s\u010d\u00edtaly, jak za t\u00fdmovou, tak za individu\u00e1ln\u00ed \u010d\u00e1st z\u00e1vodu.<\/p>\n<p>V\u0161ichni netrp\u011bliv\u011b \u010dekali na z\u00e1v\u011bre\u010dn\u00fd n\u00e1stup a vyhl\u00e1\u0161en\u00ed v\u00fdsledk\u016f. Nejprve byla vyhl\u00e1\u0161ena kategorie chlapc\u016f, kde se dru\u017eina Hrabo\u0161\u016f prezentovala p\u011bkn\u00fdm druh\u00fdm m\u00edstem pouh\u00e9 t\u0159i body za v\u00edt\u011bzi. V d\u00edv\u010d\u00ed kategorii p\u0159ekvapily Sedmikr\u00e1sky, kter\u00e9 se rovn\u011b\u017e za\u0159adily na druh\u00e9 postupov\u00e9 m\u00edsto. Bohu\u017eel t\u0159i body sch\u00e1zely k postupu na Krajsk\u00e9 kolo dru\u017ein\u011b Rosni\u010dek na p\u00e1t\u00e9m m\u00edst\u011b. Celkem postupovaly t\u0159i chlapeck\u00e9 a \u010dty\u0159i d\u00edv\u010d\u00ed dru\u017einy. Nicm\u00e9n\u011b v\u00fdsledky v\u0161ech t\u0159\u00ed dru\u017ein byly v nabit\u00e9 konkurenci v\u00fdborn\u00e9 a v\u0161ichni bez v\u00fdjimky zaslou\u017e\u00ed pochvalu za p\u0159\u00edkladnou reprezentaci na\u0161eho skautsk\u00e9ho st\u0159ediska.<br \/>\n<a href=\"http:\/\/hvezda.orlicemb.cz\/subdom\/hvezda\/wp-content\/uploads\/2015\/05\/DSC_0060.jpg\"><img loading=\"lazy\" decoding=\"async\" src=\"http:\/\/hvezda.orlicemb.cz\/subdom\/hvezda\/wp-content\/uploads\/2015\/05\/DSC_0060-300x200.jpg\" alt=\"DSC_0060\" width=\"300\" height=\"200\" class=\"alignnone size-medium wp-image-580\" srcset=\"https:\/\/hvezda.orlicemb.cz\/subdom\/hvezda\/wp-content\/uploads\/2015\/05\/DSC_0060-300x200.jpg 300w, https:\/\/hvezda.orlicemb.cz\/subdom\/hvezda\/wp-content\/uploads\/2015\/05\/DSC_0060-1024x683.jpg 1024w\" sizes=\"auto, (max-width: 300px) 100vw, 300px\" \/><\/a><br \/>\n<br \/>\n<a href=\"http:\/\/hvezda.orlicemb.cz\/subdom\/hvezda\/wp-content\/uploads\/2015\/05\/K2-Hrabo\u0161i.jpg\"><img loading=\"lazy\" decoding=\"async\" src=\"http:\/\/hvezda.orlicemb.cz\/subdom\/hvezda\/wp-content\/uploads\/2015\/05\/K2-Hrabo\u0161i-300x212.jpg\" alt=\"K2-Hrabo\u0161i\" width=\"300\" height=\"212\" class=\"alignnone size-medium wp-image-579\" srcset=\"https:\/\/hvezda.orlicemb.cz\/subdom\/hvezda\/wp-content\/uploads\/2015\/05\/K2-Hrabo\u0161i-300x212.jpg 300w, https:\/\/hvezda.orlicemb.cz\/subdom\/hvezda\/wp-content\/uploads\/2015\/05\/K2-Hrabo\u0161i-1024x724.jpg 1024w\" sizes=\"auto, (max-width: 300px) 100vw, 300px\" \/><\/a><\/p>\n","protected":false},"excerpt":{"rendered":"<p>O prodlou\u017een\u00e9m v\u00edkendu 9.5. vyrazili skautky i skauti z Moravsk\u00fdch Bud\u011bjovic obhajovat p\u0159edlo\u0148sk\u00e9 \u00fasp\u011bchy na z\u00e1kladn\u00ed kolo Svojs\u00edkova z\u00e1vodu pro rok 2015, tentokr\u00e1t do obce Hrbov u Velk\u00e9ho Mezi\u0159\u00ed\u010d\u00ed. N\u011bkolik [&hellip;]<\/p>\n","protected":false},"author":3,"featured_media":0,"comment_status":"open","ping_status":"open","sticky":false,"template":"","format":"standard","meta":{"footnotes":""},"categories":[1],"tags":[],"class_list":["post-578","post","type-post","status-publish","format-standard","hentry","category-nezarazene"],"_links":{"self":[{"href":"https:\/\/hvezda.orlicemb.cz\/subdom\/hvezda\/wp-json\/wp\/v2\/posts\/578","targetHints":{"allow":["GET"]}}],"collection":[{"href":"https:\/\/hvezda.orlicemb.cz\/subdom\/hvezda\/wp-json\/wp\/v2\/posts"}],"about":[{"href":"https:\/\/hvezda.orlicemb.cz\/subdom\/hvezda\/wp-json\/wp\/v2\/types\/post"}],"author":[{"embeddable":true,"href":"https:\/\/hvezda.orlicemb.cz\/subdom\/hvezda\/wp-json\/wp\/v2\/users\/3"}],"replies":[{"embeddable":true,"href":"https:\/\/hvezda.orlicemb.cz\/subdom\/hvezda\/wp-json\/wp\/v2\/comments?post=578"}],"version-history":[{"count":4,"href":"https:\/\/hvezda.orlicemb.cz\/subdom\/hvezda\/wp-json\/wp\/v2\/posts\/578\/revisions"}],"predecessor-version":[{"id":584,"href":"https:\/\/hvezda.orlicemb.cz\/subdom\/hvezda\/wp-json\/wp\/v2\/posts\/578\/revisions\/584"}],"wp:attachment":[{"href":"https:\/\/hvezda.orlicemb.cz\/subdom\/hvezda\/wp-json\/wp\/v2\/media?parent=578"}],"wp:term":[{"taxonomy":"category","embeddable":true,"href":"https:\/\/hvezda.orlicemb.cz\/subdom\/hvezda\/wp-json\/wp\/v2\/categories?post=578"},{"taxonomy":"post_tag","embeddable":true,"href":"https:\/\/hvezda.orlicemb.cz\/subdom\/hvezda\/wp-json\/wp\/v2\/tags?post=578"}],"curies":[{"name":"wp","href":"https:\/\/api.w.org\/{rel}","templated":true}]}}